{"id":935,"date":"2023-11-07T14:32:34","date_gmt":"2023-11-07T14:32:34","guid":{"rendered":"https:\/\/www.mikabatta.es\/linterior-design-sensoriale-e-i-sensi\/"},"modified":"2023-12-04T17:09:51","modified_gmt":"2023-12-04T17:09:51","slug":"linterior-design-sensoriale-e-i-sensi","status":"publish","type":"post","link":"https:\/\/www.mikabatta.es\/it\/linterior-design-sensoriale-e-i-sensi\/","title":{"rendered":"L&#8217;interior design sensoriale e i sensi"},"content":{"rendered":"<p><strong>Qual \u00e8 il senso della vita?<\/strong><\/p>\n<p>Ogni persona ha una risposta diversa, come vivere, amare, avere figli o sopravvivere. Ci preoccupiamo del senso della vita, ma poco di come ci sentiamo nella nostra vita, raramente abbiamo il tempo di riflettere se siamo dove siamo e dove vogliamo essere. La follia della vita quotidiana non ci permette di renderci conto se la nostra vita ha il significato che vogliamo e se ci sentiamo felici o ci divertiamo quotidianamente. Spesso lasciamo che sia il fine settimana o le vacanze a renderci felici e a divertirci, e alcune persone che conosco aspettano la pensione.<\/p>\n<p>Per me la vita ha un senso se sto bene e sono felice. Semplice, non \u00e8 vero? La prima cosa per stare bene \u00e8 il nostro stato di salute, sia fisica che mentale, e partendo da uno stato di salute accettabile possiamo essere felici.<\/p>\n<p><strong>Come essere felici?<\/strong><\/p>\n<p>Ognuno ha una risposta diversa: viaggiare, vincere la lotteria, avere un figlio, innamorarsi, comprare una casa, ottenere una promozione sul lavoro o lasciare quel lavoro opprimente.<\/p>\n<p>Per me il segreto della felicit\u00e0 sta nei piccoli dettagli, un buon caff\u00e8, una passeggiata all&#8217;alba sul lungomare, un bagno di schiuma, giocare con il mio cane, pranzare con gli amici, un pisolino sul mio divano, il profumo di una panetteria artigianale.<\/p>\n<p>Ho gi\u00e0 superato la met\u00e0 della mia vita e forse \u00e8 questo che mi rende consapevole dei piccoli dettagli per dare un senso alla mia vita ed essere felice. Non sono pi\u00f9 abbagliato da obiettivi di felicit\u00e0 che non dipendono da me. Cerco nella mia routine quotidiana un piacere funzionale di ci\u00f2 che mi circonda, piccoli dettagli che mi fanno godere, un suono, una luce, un odore, un cibo, una coperta sul divano&#8230; <strong>tutti i miei sensi orientati a godere grazie al Sensorial Interior Design<\/strong>.<\/p>\n","protected":false},"excerpt":{"rendered":"<p>Qual \u00e8 il senso della vita? Ogni persona ha una risposta diversa, come vivere, amare, avere figli o sopravvivere. Ci preoccupiamo del senso della vita, ma poco di come ci sentiamo nella nostra vita, raramente abbiamo il tempo di riflettere se siamo dove siamo e dove vogliamo essere. La follia della vita quotidiana non ci [&hellip;]<\/p>\n","protected":false},"author":1,"featured_media":834,"comment_status":"open","ping_status":"closed","sticky":false,"template":"","format":"standard","meta":{"inline_featured_image":false,"footnotes":""},"categories":[24],"tags":[],"class_list":["post-935","post","type-post","status-publish","format-standard","has-post-thumbnail","hentry","category-design-dinterni"],"yoast_head":"<!-- This site is optimized with the Yoast SEO plugin v27.4 - https:\/\/yoast.com\/product\/yoast-seo-wordpress\/ -->\n<title>L&#039;interior design sensoriale e i sensi - Interiorismo Sensorial<\/title>\n<meta name=\"robots\" content=\"index, follow, max-snippet:-1, max-image-preview:large, max-video-preview:-1\" \/>\n<link rel=\"canonical\" href=\"https:\/\/www.mikabatta.es\/it\/linterior-design-sensoriale-e-i-sensi\/\" \/>\n<meta property=\"og:locale\" content=\"it_IT\" \/>\n<meta property=\"og:type\" content=\"article\" \/>\n<meta property=\"og:title\" content=\"L&#039;interior design sensoriale e i sensi - Interiorismo Sensorial\" \/>\n<meta property=\"og:description\" content=\"Qual \u00e8 il senso della vita? Ogni persona ha una risposta diversa, come vivere, amare, avere figli o sopravvivere. Ci preoccupiamo del senso della vita, ma poco di come ci sentiamo nella nostra vita, raramente abbiamo il tempo di riflettere se siamo dove siamo e dove vogliamo essere. La follia della vita quotidiana non ci [&hellip;]\" \/>\n<meta property=\"og:url\" content=\"https:\/\/www.mikabatta.es\/it\/linterior-design-sensoriale-e-i-sensi\/\" \/>\n<meta property=\"og:site_name\" content=\"Interiorismo Sensorial\" \/>\n<meta property=\"article:published_time\" content=\"2023-11-07T14:32:34+00:00\" \/>\n<meta property=\"article:modified_time\" content=\"2023-12-04T17:09:51+00:00\" \/>\n<meta property=\"og:image\" content=\"https:\/\/www.mikabatta.es\/wp-content\/uploads\/2023\/11\/lichi.png\" \/>\n\t<meta property=\"og:image:width\" content=\"562\" \/>\n\t<meta property=\"og:image:height\" content=\"482\" \/>\n\t<meta property=\"og:image:type\" content=\"image\/png\" \/>\n<meta name=\"author\" content=\"admin\" \/>\n<meta name=\"twitter:card\" content=\"summary_large_image\" \/>\n<meta name=\"twitter:label1\" content=\"Scritto da\" \/>\n\t<meta name=\"twitter:data1\" content=\"admin\" \/>\n\t<meta name=\"twitter:label2\" content=\"Tempo di lettura stimato\" \/>\n\t<meta name=\"twitter:data2\" content=\"1 minuto\" \/>\n<script type=\"application\/ld+json\" class=\"yoast-schema-graph\">{\"@context\":\"https:\\\/\\\/schema.org\",\"@graph\":[{\"@type\":\"Article\",\"@id\":\"https:\\\/\\\/www.mikabatta.es\\\/it\\\/linterior-design-sensoriale-e-i-sensi\\\/#article\",\"isPartOf\":{\"@id\":\"https:\\\/\\\/www.mikabatta.es\\\/it\\\/linterior-design-sensoriale-e-i-sensi\\\/\"},\"author\":{\"name\":\"admin\",\"@id\":\"https:\\\/\\\/www.mikabatta.es\\\/it\\\/#\\\/schema\\\/person\\\/bfa0bed12a185f8611f0b458269648d1\"},\"headline\":\"L&#8217;interior design sensoriale e i sensi\",\"datePublished\":\"2023-11-07T14:32:34+00:00\",\"dateModified\":\"2023-12-04T17:09:51+00:00\",\"mainEntityOfPage\":{\"@id\":\"https:\\\/\\\/www.mikabatta.es\\\/it\\\/linterior-design-sensoriale-e-i-sensi\\\/\"},\"wordCount\":305,\"commentCount\":0,\"image\":{\"@id\":\"https:\\\/\\\/www.mikabatta.es\\\/it\\\/linterior-design-sensoriale-e-i-sensi\\\/#primaryimage\"},\"thumbnailUrl\":\"https:\\\/\\\/www.mikabatta.es\\\/wp-content\\\/uploads\\\/2023\\\/11\\\/lichi.png\",\"articleSection\":[\"Design d'interni\"],\"inLanguage\":\"it-IT\",\"potentialAction\":[{\"@type\":\"CommentAction\",\"name\":\"Comment\",\"target\":[\"https:\\\/\\\/www.mikabatta.es\\\/it\\\/linterior-design-sensoriale-e-i-sensi\\\/#respond\"]}]},{\"@type\":\"WebPage\",\"@id\":\"https:\\\/\\\/www.mikabatta.es\\\/it\\\/linterior-design-sensoriale-e-i-sensi\\\/\",\"url\":\"https:\\\/\\\/www.mikabatta.es\\\/it\\\/linterior-design-sensoriale-e-i-sensi\\\/\",\"name\":\"L'interior design sensoriale e i sensi - Interiorismo Sensorial\",\"isPartOf\":{\"@id\":\"https:\\\/\\\/www.mikabatta.es\\\/it\\\/#website\"},\"primaryImageOfPage\":{\"@id\":\"https:\\\/\\\/www.mikabatta.es\\\/it\\\/linterior-design-sensoriale-e-i-sensi\\\/#primaryimage\"},\"image\":{\"@id\":\"https:\\\/\\\/www.mikabatta.es\\\/it\\\/linterior-design-sensoriale-e-i-sensi\\\/#primaryimage\"},\"thumbnailUrl\":\"https:\\\/\\\/www.mikabatta.es\\\/wp-content\\\/uploads\\\/2023\\\/11\\\/lichi.png\",\"datePublished\":\"2023-11-07T14:32:34+00:00\",\"dateModified\":\"2023-12-04T17:09:51+00:00\",\"author\":{\"@id\":\"https:\\\/\\\/www.mikabatta.es\\\/it\\\/#\\\/schema\\\/person\\\/bfa0bed12a185f8611f0b458269648d1\"},\"breadcrumb\":{\"@id\":\"https:\\\/\\\/www.mikabatta.es\\\/it\\\/linterior-design-sensoriale-e-i-sensi\\\/#breadcrumb\"},\"inLanguage\":\"it-IT\",\"potentialAction\":[{\"@type\":\"ReadAction\",\"target\":[\"https:\\\/\\\/www.mikabatta.es\\\/it\\\/linterior-design-sensoriale-e-i-sensi\\\/\"]}]},{\"@type\":\"ImageObject\",\"inLanguage\":\"it-IT\",\"@id\":\"https:\\\/\\\/www.mikabatta.es\\\/it\\\/linterior-design-sensoriale-e-i-sensi\\\/#primaryimage\",\"url\":\"https:\\\/\\\/www.mikabatta.es\\\/wp-content\\\/uploads\\\/2023\\\/11\\\/lichi.png\",\"contentUrl\":\"https:\\\/\\\/www.mikabatta.es\\\/wp-content\\\/uploads\\\/2023\\\/11\\\/lichi.png\",\"width\":562,\"height\":482},{\"@type\":\"BreadcrumbList\",\"@id\":\"https:\\\/\\\/www.mikabatta.es\\\/it\\\/linterior-design-sensoriale-e-i-sensi\\\/#breadcrumb\",\"itemListElement\":[{\"@type\":\"ListItem\",\"position\":1,\"name\":\"Portada\",\"item\":\"https:\\\/\\\/www.mikabatta.es\\\/it\\\/casa\\\/\"},{\"@type\":\"ListItem\",\"position\":2,\"name\":\"L&#8217;interior design sensoriale e i sensi\"}]},{\"@type\":\"WebSite\",\"@id\":\"https:\\\/\\\/www.mikabatta.es\\\/it\\\/#website\",\"url\":\"https:\\\/\\\/www.mikabatta.es\\\/it\\\/\",\"name\":\"Interiorismo Sensorial\",\"description\":\"\",\"potentialAction\":[{\"@type\":\"SearchAction\",\"target\":{\"@type\":\"EntryPoint\",\"urlTemplate\":\"https:\\\/\\\/www.mikabatta.es\\\/it\\\/?s={search_term_string}\"},\"query-input\":{\"@type\":\"PropertyValueSpecification\",\"valueRequired\":true,\"valueName\":\"search_term_string\"}}],\"inLanguage\":\"it-IT\"},{\"@type\":\"Person\",\"@id\":\"https:\\\/\\\/www.mikabatta.es\\\/it\\\/#\\\/schema\\\/person\\\/bfa0bed12a185f8611f0b458269648d1\",\"name\":\"admin\",\"image\":{\"@type\":\"ImageObject\",\"inLanguage\":\"it-IT\",\"@id\":\"https:\\\/\\\/secure.gravatar.com\\\/avatar\\\/cac0f2c8e856235ec823f518b83473fc92c3ce34e60bad9b03940e7bdc07732d?s=96&d=mm&r=g\",\"url\":\"https:\\\/\\\/secure.gravatar.com\\\/avatar\\\/cac0f2c8e856235ec823f518b83473fc92c3ce34e60bad9b03940e7bdc07732d?s=96&d=mm&r=g\",\"contentUrl\":\"https:\\\/\\\/secure.gravatar.com\\\/avatar\\\/cac0f2c8e856235ec823f518b83473fc92c3ce34e60bad9b03940e7bdc07732d?s=96&d=mm&r=g\",\"caption\":\"admin\"},\"sameAs\":[\"https:\\\/\\\/www.mikabatta.es\"],\"url\":\"https:\\\/\\\/www.mikabatta.es\\\/it\\\/author\\\/matamala_36qyk9qc\\\/\"}]}<\/script>\n<!-- \/ Yoast SEO plugin. -->","yoast_head_json":{"title":"L'interior design sensoriale e i sensi - Interiorismo Sensorial","robots":{"index":"index","follow":"follow","max-snippet":"max-snippet:-1","max-image-preview":"max-image-preview:large","max-video-preview":"max-video-preview:-1"},"canonical":"https:\/\/www.mikabatta.es\/it\/linterior-design-sensoriale-e-i-sensi\/","og_locale":"it_IT","og_type":"article","og_title":"L'interior design sensoriale e i sensi - Interiorismo Sensorial","og_description":"Qual \u00e8 il senso della vita? Ogni persona ha una risposta diversa, come vivere, amare, avere figli o sopravvivere. Ci preoccupiamo del senso della vita, ma poco di come ci sentiamo nella nostra vita, raramente abbiamo il tempo di riflettere se siamo dove siamo e dove vogliamo essere. La follia della vita quotidiana non ci [&hellip;]","og_url":"https:\/\/www.mikabatta.es\/it\/linterior-design-sensoriale-e-i-sensi\/","og_site_name":"Interiorismo Sensorial","article_published_time":"2023-11-07T14:32:34+00:00","article_modified_time":"2023-12-04T17:09:51+00:00","og_image":[{"width":562,"height":482,"url":"https:\/\/www.mikabatta.es\/wp-content\/uploads\/2023\/11\/lichi.png","type":"image\/png"}],"author":"admin","twitter_card":"summary_large_image","twitter_misc":{"Scritto da":"admin","Tempo di lettura stimato":"1 minuto"},"schema":{"@context":"https:\/\/schema.org","@graph":[{"@type":"Article","@id":"https:\/\/www.mikabatta.es\/it\/linterior-design-sensoriale-e-i-sensi\/#article","isPartOf":{"@id":"https:\/\/www.mikabatta.es\/it\/linterior-design-sensoriale-e-i-sensi\/"},"author":{"name":"admin","@id":"https:\/\/www.mikabatta.es\/it\/#\/schema\/person\/bfa0bed12a185f8611f0b458269648d1"},"headline":"L&#8217;interior design sensoriale e i sensi","datePublished":"2023-11-07T14:32:34+00:00","dateModified":"2023-12-04T17:09:51+00:00","mainEntityOfPage":{"@id":"https:\/\/www.mikabatta.es\/it\/linterior-design-sensoriale-e-i-sensi\/"},"wordCount":305,"commentCount":0,"image":{"@id":"https:\/\/www.mikabatta.es\/it\/linterior-design-sensoriale-e-i-sensi\/#primaryimage"},"thumbnailUrl":"https:\/\/www.mikabatta.es\/wp-content\/uploads\/2023\/11\/lichi.png","articleSection":["Design d'interni"],"inLanguage":"it-IT","potentialAction":[{"@type":"CommentAction","name":"Comment","target":["https:\/\/www.mikabatta.es\/it\/linterior-design-sensoriale-e-i-sensi\/#respond"]}]},{"@type":"WebPage","@id":"https:\/\/www.mikabatta.es\/it\/linterior-design-sensoriale-e-i-sensi\/","url":"https:\/\/www.mikabatta.es\/it\/linterior-design-sensoriale-e-i-sensi\/","name":"L'interior design sensoriale e i sensi - Interiorismo Sensorial","isPartOf":{"@id":"https:\/\/www.mikabatta.es\/it\/#website"},"primaryImageOfPage":{"@id":"https:\/\/www.mikabatta.es\/it\/linterior-design-sensoriale-e-i-sensi\/#primaryimage"},"image":{"@id":"https:\/\/www.mikabatta.es\/it\/linterior-design-sensoriale-e-i-sensi\/#primaryimage"},"thumbnailUrl":"https:\/\/www.mikabatta.es\/wp-content\/uploads\/2023\/11\/lichi.png","datePublished":"2023-11-07T14:32:34+00:00","dateModified":"2023-12-04T17:09:51+00:00","author":{"@id":"https:\/\/www.mikabatta.es\/it\/#\/schema\/person\/bfa0bed12a185f8611f0b458269648d1"},"breadcrumb":{"@id":"https:\/\/www.mikabatta.es\/it\/linterior-design-sensoriale-e-i-sensi\/#breadcrumb"},"inLanguage":"it-IT","potentialAction":[{"@type":"ReadAction","target":["https:\/\/www.mikabatta.es\/it\/linterior-design-sensoriale-e-i-sensi\/"]}]},{"@type":"ImageObject","inLanguage":"it-IT","@id":"https:\/\/www.mikabatta.es\/it\/linterior-design-sensoriale-e-i-sensi\/#primaryimage","url":"https:\/\/www.mikabatta.es\/wp-content\/uploads\/2023\/11\/lichi.png","contentUrl":"https:\/\/www.mikabatta.es\/wp-content\/uploads\/2023\/11\/lichi.png","width":562,"height":482},{"@type":"BreadcrumbList","@id":"https:\/\/www.mikabatta.es\/it\/linterior-design-sensoriale-e-i-sensi\/#breadcrumb","itemListElement":[{"@type":"ListItem","position":1,"name":"Portada","item":"https:\/\/www.mikabatta.es\/it\/casa\/"},{"@type":"ListItem","position":2,"name":"L&#8217;interior design sensoriale e i sensi"}]},{"@type":"WebSite","@id":"https:\/\/www.mikabatta.es\/it\/#website","url":"https:\/\/www.mikabatta.es\/it\/","name":"Interiorismo Sensorial","description":"","potentialAction":[{"@type":"SearchAction","target":{"@type":"EntryPoint","urlTemplate":"https:\/\/www.mikabatta.es\/it\/?s={search_term_string}"},"query-input":{"@type":"PropertyValueSpecification","valueRequired":true,"valueName":"search_term_string"}}],"inLanguage":"it-IT"},{"@type":"Person","@id":"https:\/\/www.mikabatta.es\/it\/#\/schema\/person\/bfa0bed12a185f8611f0b458269648d1","name":"admin","image":{"@type":"ImageObject","inLanguage":"it-IT","@id":"https:\/\/secure.gravatar.com\/avatar\/cac0f2c8e856235ec823f518b83473fc92c3ce34e60bad9b03940e7bdc07732d?s=96&d=mm&r=g","url":"https:\/\/secure.gravatar.com\/avatar\/cac0f2c8e856235ec823f518b83473fc92c3ce34e60bad9b03940e7bdc07732d?s=96&d=mm&r=g","contentUrl":"https:\/\/secure.gravatar.com\/avatar\/cac0f2c8e856235ec823f518b83473fc92c3ce34e60bad9b03940e7bdc07732d?s=96&d=mm&r=g","caption":"admin"},"sameAs":["https:\/\/www.mikabatta.es"],"url":"https:\/\/www.mikabatta.es\/it\/author\/matamala_36qyk9qc\/"}]}},"_links":{"self":[{"href":"https:\/\/www.mikabatta.es\/it\/wp-json\/wp\/v2\/posts\/935","targetHints":{"allow":["GET"]}}],"collection":[{"href":"https:\/\/www.mikabatta.es\/it\/wp-json\/wp\/v2\/posts"}],"about":[{"href":"https:\/\/www.mikabatta.es\/it\/wp-json\/wp\/v2\/types\/post"}],"author":[{"embeddable":true,"href":"https:\/\/www.mikabatta.es\/it\/wp-json\/wp\/v2\/users\/1"}],"replies":[{"embeddable":true,"href":"https:\/\/www.mikabatta.es\/it\/wp-json\/wp\/v2\/comments?post=935"}],"version-history":[{"count":1,"href":"https:\/\/www.mikabatta.es\/it\/wp-json\/wp\/v2\/posts\/935\/revisions"}],"predecessor-version":[{"id":1066,"href":"https:\/\/www.mikabatta.es\/it\/wp-json\/wp\/v2\/posts\/935\/revisions\/1066"}],"wp:featuredmedia":[{"embeddable":true,"href":"https:\/\/www.mikabatta.es\/it\/wp-json\/wp\/v2\/media\/834"}],"wp:attachment":[{"href":"https:\/\/www.mikabatta.es\/it\/wp-json\/wp\/v2\/media?parent=935"}],"wp:term":[{"taxonomy":"category","embeddable":true,"href":"https:\/\/www.mikabatta.es\/it\/wp-json\/wp\/v2\/categories?post=935"},{"taxonomy":"post_tag","embeddable":true,"href":"https:\/\/www.mikabatta.es\/it\/wp-json\/wp\/v2\/tags?post=935"}],"curies":[{"name":"wp","href":"https:\/\/api.w.org\/{rel}","templated":true}]}}